{"id":986,"date":"2024-04-13T10:18:27","date_gmt":"2024-04-13T10:18:27","guid":{"rendered":"https:\/\/mtbmarsrutai.lt\/?p=986"},"modified":"2026-04-21T10:32:53","modified_gmt":"2026-04-21T10:32:53","slug":"mtb-stovykla-bulgarijoje","status":"publish","type":"post","link":"https:\/\/mtbmarsrutai.lt\/?p=986","title":{"rendered":"MTB stovykla Bulgarijoje Rilos ir Rodop\u0173 kalnuose"},"content":{"rendered":"\n<p><\/p>\n\n\n\n<div class=\"wp-duotone-unset-1 wp-block-cover alignfull has-custom-content-position is-position-top-center\"><span aria-hidden=\"true\" class=\"wp-block-cover__background has-background-dim\"><\/span><img decoding=\"async\" loading=\"lazy\" width=\"1561\" height=\"879\" class=\"wp-block-cover__image-background wp-image-999\" alt=\"\" src=\"http:\/\/mtbmarsrutai.lt\/wp-content\/uploads\/2024\/04\/DSC6072.jpg\" data-object-fit=\"cover\" srcset=\"https:\/\/mtbmarsrutai.lt\/wp-content\/uploads\/2024\/04\/DSC6072.jpg 1561w, https:\/\/mtbmarsrutai.lt\/wp-content\/uploads\/2024\/04\/DSC6072-300x169.jpg 300w, https:\/\/mtbmarsrutai.lt\/wp-content\/uploads\/2024\/04\/DSC6072-1024x577.jpg 1024w, https:\/\/mtbmarsrutai.lt\/wp-content\/uploads\/2024\/04\/DSC6072-768x432.jpg 768w, https:\/\/mtbmarsrutai.lt\/wp-content\/uploads\/2024\/04\/DSC6072-1536x865.jpg 1536w\" sizes=\"(max-width: 1561px) 100vw, 1561px\" \/><div class=\"wp-block-cover__inner-container\">\n<p><\/p>\n\n\n\n<p class=\"has-text-align-center has-luminous-vivid-amber-color has-text-color has-medium-font-size\">8 dien\u0173 turas Rilos ir Rodop\u0173 kalnuose Bulgarijoje<\/p>\n<\/div><\/div>\n\n\n\n<div class=\"wp-block-columns is-layout-flex wp-container-4\">\n<div class=\"wp-block-column is-layout-flow\">\n<p><\/p>\n\n\n\n<p><em>Visiems kelioni\u0173 kaln\u0173 dvira\u010diais m\u0117g\u0117jams si\u016blome 8 dien\u0173 nuotyk\u012f, \u017eyg\u012f po Rilos ir Rodop\u0173 kalnus Bulgarijoje. \u017dygis startuoja auk\u0161tai kalnuose esan\u010dioje Belmekeno sporto baz\u0117je. <\/em><\/p>\n\n\n\n<p><em>Kelion\u0117s metu \u012fveiksime 240 km, prava\u017eiuosime \u012fsp\u016bdingiausiomis kaln\u0173 vietov\u0117mis, aplankysime gamtos fenomenus, susipa\u017einsime su sveting\u0173 kalnie\u010di\u0173 kult\u016bra ir ai\u0161ku m\u0117gausimes smagiais kaln\u0173 keliukais ir takeliais, supan\u010dia mus gamta ir tyru oru.<\/em><\/p>\n<\/div>\n\n\n\n<div class=\"wp-block-column is-layout-flow\">\n<p><\/p>\n\n\n\n<p class=\"has-text-color has-medium-font-size\" style=\"color:#67320c;line-height:1\"><strong>Stovyklos kaina:<\/strong> 830 EUR<\/p>\n\n\n\n<p class=\"has-text-color has-medium-font-size\" style=\"color:#67320c;line-height:1\"><strong>Data<\/strong>: 2026 m liepos-rugpj\u016b\u010dio m\u0117n d.<\/p>\n\n\n\n<p class=\"has-text-color has-medium-font-size\" style=\"color:#621818\"><strong>Grup\u0117s dydis<\/strong>: 4-7 asmenys<\/p>\n\n\n\n<h2 class=\"wp-block-heading has-text-color has-medium-font-size\" style=\"color:#621818\"><strong>M\u016bs\u0173 kontaktai<\/strong>:<\/h2>\n\n\n\n<p class=\"has-luminous-vivid-orange-color has-text-color\" style=\"line-height:0\"><strong>El. pa\u0161tas:<\/strong> <a rel=\"noreferrer noopener\" href=\"mailto:orreklubas@gmail.com\" target=\"_blank\">orreklubas@gmail.com<\/a><\/p>\n\n\n\n<p class=\"has-luminous-vivid-orange-color has-text-color\" style=\"line-height:0\">Tel. +370 612 64429 Agnius \u010ciurinskas<\/p>\n\n\n\n<p class=\"has-text-color\" style=\"color:#6e1010;line-height:1\"><a rel=\"noreferrer noopener\" href=\"https:\/\/www.facebook.com\/ORREclub\" data-type=\"URL\" data-id=\"https:\/\/www.facebook.com\/ORREclub\" target=\"_blank\">V\u0161\u012f&#8221;ORRE&#8221;<\/a><\/p>\n\n\n\n<p><\/p>\n<\/div>\n<\/div>\n\n\n\n<h2 class=\"wp-block-heading has-text-color\" style=\"color:#67320c\">1 diena. Sofija-Belmekenas<\/h2>\n\n\n\n<p><br>I\u0161 Sofijos oro uosto keleviniu transportu nuvyksime \u012f&nbsp; kelion\u0117s dvira\u010diais starto viet\u0105, Rilos kalnuose esant\u012f&nbsp; Belmekeno sporto kompleks\u0105, gars\u0173 tuo,&nbsp;kad jame sezonui ruo\u0161iasi daugelis geriausi\u0173 pasaulio slidinink\u0173 ir biatloninink\u0173.&nbsp; Nakvynei apsistosime kaln\u0173 baz\u0117je,&nbsp;dvivie\u010diuose kambariuose su patogumais. Vakare gal\u0117sime pasivaik\u0161\u010dioti po vaizdingas Belmekeno apylinkes. Po to vakarien\u0117.<\/p>\n\n\n\n<p class=\"has-text-color\" style=\"color:#67320c\"><\/p>\n\n\n\n<p><\/p>\n\n\n\n<figure class=\"wp-block-gallery has-nested-images columns-default is-cropped wp-block-gallery-5 is-layout-flex\">\n<figure class=\"wp-block-image size-large\"><img decoding=\"async\" loading=\"lazy\" width=\"1024\" height=\"769\" data-id=\"1027\"  src=\"https:\/\/mtbmarsrutai.lt\/wp-content\/uploads\/2024\/04\/IMG_20210809_203318-1024x769.jpg\" alt=\"\" class=\"wp-image-1027\" srcset=\"https:\/\/mtbmarsrutai.lt\/wp-content\/uploads\/2024\/04\/IMG_20210809_203318-1024x769.jpg 1024w, https:\/\/mtbmarsrutai.lt\/wp-content\/uploads\/2024\/04\/IMG_20210809_203318-300x225.jpg 300w, https:\/\/mtbmarsrutai.lt\/wp-content\/uploads\/2024\/04\/IMG_20210809_203318-768x576.jpg 768w, https:\/\/mtbmarsrutai.lt\/wp-content\/uploads\/2024\/04\/IMG_20210809_203318.jpg 1171w\" sizes=\"(max-width: 1024px) 100vw, 1024px\" \/><\/figure>\n\n\n\n<figure class=\"wp-block-image size-large\"><img decoding=\"async\" loading=\"lazy\" width=\"1024\" height=\"769\" data-id=\"1026\"  src=\"https:\/\/mtbmarsrutai.lt\/wp-content\/uploads\/2024\/04\/IMG_20210809_202240-1024x769.jpg\" alt=\"\" class=\"wp-image-1026\" srcset=\"https:\/\/mtbmarsrutai.lt\/wp-content\/uploads\/2024\/04\/IMG_20210809_202240-1024x769.jpg 1024w, https:\/\/mtbmarsrutai.lt\/wp-content\/uploads\/2024\/04\/IMG_20210809_202240-300x225.jpg 300w, https:\/\/mtbmarsrutai.lt\/wp-content\/uploads\/2024\/04\/IMG_20210809_202240-768x576.jpg 768w, https:\/\/mtbmarsrutai.lt\/wp-content\/uploads\/2024\/04\/IMG_20210809_202240.jpg 1171w\" sizes=\"(max-width: 1024px) 100vw, 1024px\" \/><\/figure>\n\n\n\n<figure class=\"wp-block-image size-large\"><img decoding=\"async\" loading=\"lazy\" width=\"1024\" height=\"577\" data-id=\"1025\"  src=\"https:\/\/mtbmarsrutai.lt\/wp-content\/uploads\/2024\/04\/DSC4477-1024x577.jpg\" alt=\"\" class=\"wp-image-1025\" srcset=\"https:\/\/mtbmarsrutai.lt\/wp-content\/uploads\/2024\/04\/DSC4477-1024x577.jpg 1024w, https:\/\/mtbmarsrutai.lt\/wp-content\/uploads\/2024\/04\/DSC4477-300x169.jpg 300w, https:\/\/mtbmarsrutai.lt\/wp-content\/uploads\/2024\/04\/DSC4477-768x432.jpg 768w, https:\/\/mtbmarsrutai.lt\/wp-content\/uploads\/2024\/04\/DSC4477-1536x865.jpg 1536w, https:\/\/mtbmarsrutai.lt\/wp-content\/uploads\/2024\/04\/DSC4477.jpg 1561w\" sizes=\"(max-width: 1024px) 100vw, 1024px\" \/><\/figure>\n\n\n\n<figure class=\"wp-block-image size-large\"><img decoding=\"async\" loading=\"lazy\" width=\"1024\" height=\"577\" data-id=\"1024\"  src=\"https:\/\/mtbmarsrutai.lt\/wp-content\/uploads\/2024\/04\/DSC4495-1-1024x577.jpg\" alt=\"\" class=\"wp-image-1024\" srcset=\"https:\/\/mtbmarsrutai.lt\/wp-content\/uploads\/2024\/04\/DSC4495-1-1024x577.jpg 1024w, https:\/\/mtbmarsrutai.lt\/wp-content\/uploads\/2024\/04\/DSC4495-1-300x169.jpg 300w, https:\/\/mtbmarsrutai.lt\/wp-content\/uploads\/2024\/04\/DSC4495-1-768x432.jpg 768w, https:\/\/mtbmarsrutai.lt\/wp-content\/uploads\/2024\/04\/DSC4495-1-1536x865.jpg 1536w, https:\/\/mtbmarsrutai.lt\/wp-content\/uploads\/2024\/04\/DSC4495-1.jpg 1561w\" sizes=\"(max-width: 1024px) 100vw, 1024px\" \/><\/figure>\n<\/figure>\n\n\n\n<p><\/p>\n\n\n\n<h2 class=\"wp-block-heading has-text-color\" style=\"color:#67320c\">2 diena. Belmekenas-Velingradas<\/h2>\n\n\n\n<p class=\"has-text-align-left\">Papusry\u010diav\u0119, apie 9 val. ryte s\u0117dame ant dvira\u010di\u0173&nbsp;ir&nbsp; Rilos&nbsp; auk\u0161tikalni\u0173&nbsp; keliukais ir takais va\u017eiuosime iki Velingrado mineralini\u0173 vanden\u0173 kurorto.&nbsp;Pakeliui matysime vaizdingas Rilos ir Pirino kaln\u0173 panoramas, mar\u0161rutas bus nesunkus, daugiausiai leisis \u017eemyn.&nbsp;Apie 15 val. smagiais takeliais pasieksime Velingrad\u0105. Apsistosime nedideliame vie\u0161butuke su&nbsp; kar\u0161to mineralinio vandens baseinu,&nbsp;kuriame gal\u0117sime atsigaivinti po kelion\u0117s. Ten vakarien\u0117. Nakvyn\u0117 dvivie\u010diuose vie\u0161bu\u010dio numeriuose su patogumais.<\/p>\n\n\n\n<p class=\"has-text-color\" style=\"color:#67320c\">Viso \u012fveiksime 47 km<br>Kilsime: 500 m<br>Leisim\u0117s:&nbsp;1,400 m<br>Techninis sud\u0117tingumas:&nbsp;3\/5<br>Fizinis sud\u0117tingumas:&nbsp;2\/5<\/p>\n\n\n\n<p><\/p>\n\n\n\n<figure class=\"wp-block-gallery has-nested-images columns-default is-cropped wp-block-gallery-7 is-layout-flex\">\n<figure class=\"wp-block-image size-large\"><img decoding=\"async\" loading=\"lazy\" width=\"1024\" height=\"577\" data-id=\"1023\"  src=\"https:\/\/mtbmarsrutai.lt\/wp-content\/uploads\/2024\/04\/DSC4502-1-1024x577.jpg\" alt=\"\" class=\"wp-image-1023\" srcset=\"https:\/\/mtbmarsrutai.lt\/wp-content\/uploads\/2024\/04\/DSC4502-1-1024x577.jpg 1024w, https:\/\/mtbmarsrutai.lt\/wp-content\/uploads\/2024\/04\/DSC4502-1-300x169.jpg 300w, https:\/\/mtbmarsrutai.lt\/wp-content\/uploads\/2024\/04\/DSC4502-1-768x432.jpg 768w, https:\/\/mtbmarsrutai.lt\/wp-content\/uploads\/2024\/04\/DSC4502-1-1536x865.jpg 1536w, https:\/\/mtbmarsrutai.lt\/wp-content\/uploads\/2024\/04\/DSC4502-1.jpg 1561w\" sizes=\"(max-width: 1024px) 100vw, 1024px\" \/><\/figure>\n\n\n\n<figure class=\"wp-block-image size-large\"><img decoding=\"async\" loading=\"lazy\" width=\"1024\" height=\"577\" data-id=\"1022\"  src=\"https:\/\/mtbmarsrutai.lt\/wp-content\/uploads\/2024\/04\/DSC4519-1024x577.jpg\" alt=\"\" class=\"wp-image-1022\" srcset=\"https:\/\/mtbmarsrutai.lt\/wp-content\/uploads\/2024\/04\/DSC4519-1024x577.jpg 1024w, https:\/\/mtbmarsrutai.lt\/wp-content\/uploads\/2024\/04\/DSC4519-300x169.jpg 300w, https:\/\/mtbmarsrutai.lt\/wp-content\/uploads\/2024\/04\/DSC4519-768x432.jpg 768w, https:\/\/mtbmarsrutai.lt\/wp-content\/uploads\/2024\/04\/DSC4519-1536x865.jpg 1536w, https:\/\/mtbmarsrutai.lt\/wp-content\/uploads\/2024\/04\/DSC4519.jpg 1561w\" sizes=\"(max-width: 1024px) 100vw, 1024px\" \/><\/figure>\n\n\n\n<figure class=\"wp-block-image size-large\"><img decoding=\"async\" loading=\"lazy\" width=\"1024\" height=\"577\" data-id=\"1021\"  src=\"https:\/\/mtbmarsrutai.lt\/wp-content\/uploads\/2024\/04\/DSC4721-1024x577.jpg\" alt=\"\" class=\"wp-image-1021\" srcset=\"https:\/\/mtbmarsrutai.lt\/wp-content\/uploads\/2024\/04\/DSC4721-1024x577.jpg 1024w, https:\/\/mtbmarsrutai.lt\/wp-content\/uploads\/2024\/04\/DSC4721-300x169.jpg 300w, https:\/\/mtbmarsrutai.lt\/wp-content\/uploads\/2024\/04\/DSC4721-768x432.jpg 768w, https:\/\/mtbmarsrutai.lt\/wp-content\/uploads\/2024\/04\/DSC4721-1536x865.jpg 1536w, https:\/\/mtbmarsrutai.lt\/wp-content\/uploads\/2024\/04\/DSC4721.jpg 1561w\" sizes=\"(max-width: 1024px) 100vw, 1024px\" \/><\/figure>\n\n\n\n<figure class=\"wp-block-image size-large\"><img decoding=\"async\" loading=\"lazy\" width=\"1024\" height=\"577\" data-id=\"1020\"  src=\"https:\/\/mtbmarsrutai.lt\/wp-content\/uploads\/2024\/04\/DSC4754-1024x577.jpg\" alt=\"\" class=\"wp-image-1020\" srcset=\"https:\/\/mtbmarsrutai.lt\/wp-content\/uploads\/2024\/04\/DSC4754-1024x577.jpg 1024w, https:\/\/mtbmarsrutai.lt\/wp-content\/uploads\/2024\/04\/DSC4754-300x169.jpg 300w, https:\/\/mtbmarsrutai.lt\/wp-content\/uploads\/2024\/04\/DSC4754-768x432.jpg 768w, https:\/\/mtbmarsrutai.lt\/wp-content\/uploads\/2024\/04\/DSC4754-1536x865.jpg 1536w, https:\/\/mtbmarsrutai.lt\/wp-content\/uploads\/2024\/04\/DSC4754.jpg 1561w\" sizes=\"(max-width: 1024px) 100vw, 1024px\" \/><\/figure>\n<\/figure>\n\n\n\n<p><\/p>\n\n\n\n<h2 class=\"wp-block-heading has-text-color\" style=\"color:#67320c\">3 diena. Velingradas-\u0160iroka poliana<\/h2>\n\n\n\n<p>Papusry\u010diave apie 9 val.&nbsp;ryto&nbsp; s\u0117sime ant dvira\u010di\u0173 ir i\u0161 Velingrado&nbsp; va\u017eiuosime iki \u0160iroka Poliana e\u017eero. \u0160iandien paliksime Rilos kalnus ir&nbsp;gruntiniais bei asfalto mi\u0161k\u0173 keliukais pasieksime Rodop\u0173 kalnus,pakeliui prava\u017eiuosime eglynais apaugus\u012f \u0160iroka poliana e\u017eer\u0105,&nbsp; Mantaricos ir Beglikos rezervatus, gal\u0117sime aplankyti Lepenicos ol\u0105. Apie 18 val. pasieksime nakvyn\u0117s viet\u0105,&nbsp; apsistosime vaizdingoje vietoje prie \u0160iroka Poliana esan\u010dioje poilsiaviet\u0117je, keturvie\u010diuose mediniuose<br>nameliuose su patogumais. Vakarien\u0117.<\/p>\n\n\n\n<p class=\"has-text-color\" style=\"color:#67320c\">Viso \u012fveiksime: 50 km<br>Kilsime: 1,100 m<br>Leisim\u0117s:&nbsp;350 m<br>Techninis sud\u0117tingumas:&nbsp;2\/5<br>Fizinis sud\u0117tingumas:&nbsp;3\/5<\/p>\n\n\n\n<p><\/p>\n\n\n\n<figure class=\"wp-block-gallery has-nested-images columns-default is-cropped wp-block-gallery-9 is-layout-flex\">\n<figure class=\"wp-block-image size-large\"><img decoding=\"async\" loading=\"lazy\" width=\"1024\" height=\"577\" data-id=\"1012\"  src=\"https:\/\/mtbmarsrutai.lt\/wp-content\/uploads\/2024\/04\/DSC5341-1024x577.jpg\" alt=\"\" class=\"wp-image-1012\" srcset=\"https:\/\/mtbmarsrutai.lt\/wp-content\/uploads\/2024\/04\/DSC5341-1024x577.jpg 1024w, https:\/\/mtbmarsrutai.lt\/wp-content\/uploads\/2024\/04\/DSC5341-300x169.jpg 300w, https:\/\/mtbmarsrutai.lt\/wp-content\/uploads\/2024\/04\/DSC5341-768x432.jpg 768w, https:\/\/mtbmarsrutai.lt\/wp-content\/uploads\/2024\/04\/DSC5341-1536x865.jpg 1536w, https:\/\/mtbmarsrutai.lt\/wp-content\/uploads\/2024\/04\/DSC5341.jpg 1561w\" sizes=\"(max-width: 1024px) 100vw, 1024px\" \/><\/figure>\n\n\n\n<figure class=\"wp-block-image size-large\"><img decoding=\"async\" loading=\"lazy\" width=\"1024\" height=\"577\" data-id=\"1018\"  src=\"http:\/\/mtbmarsrutai.lt\/wp-content\/uploads\/2024\/04\/DSC4891-1-1024x577.jpg\" alt=\"\" class=\"wp-image-1018\" srcset=\"https:\/\/mtbmarsrutai.lt\/wp-content\/uploads\/2024\/04\/DSC4891-1-1024x577.jpg 1024w, https:\/\/mtbmarsrutai.lt\/wp-content\/uploads\/2024\/04\/DSC4891-1-300x169.jpg 300w, https:\/\/mtbmarsrutai.lt\/wp-content\/uploads\/2024\/04\/DSC4891-1-768x432.jpg 768w, https:\/\/mtbmarsrutai.lt\/wp-content\/uploads\/2024\/04\/DSC4891-1-1536x865.jpg 1536w, https:\/\/mtbmarsrutai.lt\/wp-content\/uploads\/2024\/04\/DSC4891-1.jpg 1561w\" sizes=\"(max-width: 1024px) 100vw, 1024px\" \/><\/figure>\n\n\n\n<figure class=\"wp-block-image size-large\"><img decoding=\"async\" loading=\"lazy\" width=\"1024\" height=\"577\" data-id=\"1029\"  src=\"https:\/\/mtbmarsrutai.lt\/wp-content\/uploads\/2024\/04\/DSC4937-1024x577.jpg\" alt=\"\" class=\"wp-image-1029\" srcset=\"https:\/\/mtbmarsrutai.lt\/wp-content\/uploads\/2024\/04\/DSC4937-1024x577.jpg 1024w, https:\/\/mtbmarsrutai.lt\/wp-content\/uploads\/2024\/04\/DSC4937-300x169.jpg 300w, https:\/\/mtbmarsrutai.lt\/wp-content\/uploads\/2024\/04\/DSC4937-768x432.jpg 768w, https:\/\/mtbmarsrutai.lt\/wp-content\/uploads\/2024\/04\/DSC4937-1536x865.jpg 1536w, https:\/\/mtbmarsrutai.lt\/wp-content\/uploads\/2024\/04\/DSC4937.jpg 1561w\" sizes=\"(max-width: 1024px) 100vw, 1024px\" \/><\/figure>\n\n\n\n<figure class=\"wp-block-image size-large\"><img decoding=\"async\" loading=\"lazy\" width=\"1024\" height=\"577\" data-id=\"1031\"  src=\"https:\/\/mtbmarsrutai.lt\/wp-content\/uploads\/2024\/04\/DSC5320-1-1024x577.jpg\" alt=\"\" class=\"wp-image-1031\" srcset=\"https:\/\/mtbmarsrutai.lt\/wp-content\/uploads\/2024\/04\/DSC5320-1-1024x577.jpg 1024w, https:\/\/mtbmarsrutai.lt\/wp-content\/uploads\/2024\/04\/DSC5320-1-300x169.jpg 300w, https:\/\/mtbmarsrutai.lt\/wp-content\/uploads\/2024\/04\/DSC5320-1-768x432.jpg 768w, https:\/\/mtbmarsrutai.lt\/wp-content\/uploads\/2024\/04\/DSC5320-1-1536x865.jpg 1536w, https:\/\/mtbmarsrutai.lt\/wp-content\/uploads\/2024\/04\/DSC5320-1.jpg 1561w\" sizes=\"(max-width: 1024px) 100vw, 1024px\" \/><\/figure>\n<\/figure>\n\n\n\n<p><\/p>\n\n\n\n<h2 class=\"wp-block-heading has-text-color\" style=\"color:#67320c\">4-ta diena. \u0160iroka poliana &#8211; Zmejica &#8211; Buinovo \u2013 Trigradas<\/h2>\n\n\n\n<p>\u0160iandien, papusry\u010diav\u0119, i\u0161va\u017eiuosime apie 9 val. ryte ir t\u0119sime kelion\u0119 po Vakar\u0173 Rodopus.&nbsp;<\/p>\n\n\n\n<p>Smagiais mi\u0161ko keliukais prava\u017eiuosime&nbsp; Zmejicos ir Buinovo kaimus,po to prat\u0119sime Bulgarijos-Graikijos pasieniu einan\u010diu keliuku.&nbsp; Galutinis mar\u0161ruto ta\u0161kas uol\u0173 ir tarpekli\u0173 apsuptas Trigrado&nbsp;miestelis, j\u012f pasieksime apie 18 val.&nbsp;Apsistosime sve\u010di\u0173 namuose,&nbsp;dvivie\u010diuose kambariuose su patogumais. Ten lauks soti vakarien\u0117. Viso \u012fveiksime 55 km.<\/p>\n\n\n\n<p class=\"has-text-color\" style=\"color:#67320c\">Kilsime: 800 m<br>Leisim\u0117s:&nbsp;1,000 m<br>Techninis sud\u0117tingumas:&nbsp;2\/5<br>Fizinis sud\u0117tingumas:&nbsp;3\/5<\/p>\n\n\n\n<p><\/p>\n\n\n\n<figure class=\"wp-block-gallery has-nested-images columns-default is-cropped wp-block-gallery-11 is-layout-flex\">\n<figure class=\"wp-block-image size-large\"><img decoding=\"async\" loading=\"lazy\" width=\"1024\" height=\"769\" data-id=\"993\"  src=\"https:\/\/mtbmarsrutai.lt\/wp-content\/uploads\/2024\/04\/IMG_20210820_132507-1024x769.jpg\" alt=\"\" class=\"wp-image-993\" srcset=\"https:\/\/mtbmarsrutai.lt\/wp-content\/uploads\/2024\/04\/IMG_20210820_132507-1024x769.jpg 1024w, https:\/\/mtbmarsrutai.lt\/wp-content\/uploads\/2024\/04\/IMG_20210820_132507-300x225.jpg 300w, https:\/\/mtbmarsrutai.lt\/wp-content\/uploads\/2024\/04\/IMG_20210820_132507-768x576.jpg 768w, https:\/\/mtbmarsrutai.lt\/wp-content\/uploads\/2024\/04\/IMG_20210820_132507.jpg 1171w\" sizes=\"(max-width: 1024px) 100vw, 1024px\" \/><\/figure>\n\n\n\n<figure class=\"wp-block-image size-large\"><img decoding=\"async\" loading=\"lazy\" width=\"1024\" height=\"769\" data-id=\"995\"  src=\"http:\/\/mtbmarsrutai.lt\/wp-content\/uploads\/2024\/04\/IMG_20210820_125546-1024x769.jpg\" alt=\"\" class=\"wp-image-995\" srcset=\"https:\/\/mtbmarsrutai.lt\/wp-content\/uploads\/2024\/04\/IMG_20210820_125546-1024x769.jpg 1024w, https:\/\/mtbmarsrutai.lt\/wp-content\/uploads\/2024\/04\/IMG_20210820_125546-300x225.jpg 300w, https:\/\/mtbmarsrutai.lt\/wp-content\/uploads\/2024\/04\/IMG_20210820_125546-768x576.jpg 768w, https:\/\/mtbmarsrutai.lt\/wp-content\/uploads\/2024\/04\/IMG_20210820_125546.jpg 1171w\" sizes=\"(max-width: 1024px) 100vw, 1024px\" \/><\/figure>\n\n\n\n<figure class=\"wp-block-image size-large\"><img decoding=\"async\" loading=\"lazy\" width=\"1024\" height=\"577\" data-id=\"1013\"  src=\"https:\/\/mtbmarsrutai.lt\/wp-content\/uploads\/2024\/04\/DSC5300-1024x577.jpg\" alt=\"\" class=\"wp-image-1013\" srcset=\"https:\/\/mtbmarsrutai.lt\/wp-content\/uploads\/2024\/04\/DSC5300-1024x577.jpg 1024w, https:\/\/mtbmarsrutai.lt\/wp-content\/uploads\/2024\/04\/DSC5300-300x169.jpg 300w, https:\/\/mtbmarsrutai.lt\/wp-content\/uploads\/2024\/04\/DSC5300-768x432.jpg 768w, https:\/\/mtbmarsrutai.lt\/wp-content\/uploads\/2024\/04\/DSC5300-1536x865.jpg 1536w, https:\/\/mtbmarsrutai.lt\/wp-content\/uploads\/2024\/04\/DSC5300.jpg 1561w\" sizes=\"(max-width: 1024px) 100vw, 1024px\" \/><\/figure>\n\n\n\n<figure class=\"wp-block-image size-large\"><img decoding=\"async\" loading=\"lazy\" width=\"1024\" height=\"577\" data-id=\"1014\"  src=\"https:\/\/mtbmarsrutai.lt\/wp-content\/uploads\/2024\/04\/DSC5256-1024x577.jpg\" alt=\"\" class=\"wp-image-1014\" srcset=\"https:\/\/mtbmarsrutai.lt\/wp-content\/uploads\/2024\/04\/DSC5256-1024x577.jpg 1024w, https:\/\/mtbmarsrutai.lt\/wp-content\/uploads\/2024\/04\/DSC5256-300x169.jpg 300w, https:\/\/mtbmarsrutai.lt\/wp-content\/uploads\/2024\/04\/DSC5256-768x432.jpg 768w, https:\/\/mtbmarsrutai.lt\/wp-content\/uploads\/2024\/04\/DSC5256-1536x865.jpg 1536w, https:\/\/mtbmarsrutai.lt\/wp-content\/uploads\/2024\/04\/DSC5256.jpg 1561w\" sizes=\"(max-width: 1024px) 100vw, 1024px\" \/><\/figure>\n\n\n\n<figure class=\"wp-block-image size-large\"><img decoding=\"async\" loading=\"lazy\" width=\"1024\" height=\"577\" data-id=\"1030\"  src=\"https:\/\/mtbmarsrutai.lt\/wp-content\/uploads\/2024\/04\/DSC5135-1024x577.jpg\" alt=\"\" class=\"wp-image-1030\" srcset=\"https:\/\/mtbmarsrutai.lt\/wp-content\/uploads\/2024\/04\/DSC5135-1024x577.jpg 1024w, https:\/\/mtbmarsrutai.lt\/wp-content\/uploads\/2024\/04\/DSC5135-300x169.jpg 300w, https:\/\/mtbmarsrutai.lt\/wp-content\/uploads\/2024\/04\/DSC5135-768x432.jpg 768w, https:\/\/mtbmarsrutai.lt\/wp-content\/uploads\/2024\/04\/DSC5135-1536x865.jpg 1536w, https:\/\/mtbmarsrutai.lt\/wp-content\/uploads\/2024\/04\/DSC5135.jpg 1561w\" sizes=\"(max-width: 1024px) 100vw, 1024px\" \/><\/figure>\n\n\n\n<figure class=\"wp-block-image size-large\"><img decoding=\"async\" loading=\"lazy\" width=\"1024\" height=\"577\" data-id=\"1009\"  src=\"https:\/\/mtbmarsrutai.lt\/wp-content\/uploads\/2024\/04\/DSC5509-1-1024x577.jpg\" alt=\"\" class=\"wp-image-1009\" srcset=\"https:\/\/mtbmarsrutai.lt\/wp-content\/uploads\/2024\/04\/DSC5509-1-1024x577.jpg 1024w, https:\/\/mtbmarsrutai.lt\/wp-content\/uploads\/2024\/04\/DSC5509-1-300x169.jpg 300w, https:\/\/mtbmarsrutai.lt\/wp-content\/uploads\/2024\/04\/DSC5509-1-768x432.jpg 768w, https:\/\/mtbmarsrutai.lt\/wp-content\/uploads\/2024\/04\/DSC5509-1-1536x865.jpg 1536w, https:\/\/mtbmarsrutai.lt\/wp-content\/uploads\/2024\/04\/DSC5509-1.jpg 1561w\" sizes=\"(max-width: 1024px) 100vw, 1024px\" \/><\/figure>\n\n\n\n<figure class=\"wp-block-image size-large\"><img decoding=\"async\" loading=\"lazy\" width=\"1024\" height=\"576\" data-id=\"1010\"  src=\"https:\/\/mtbmarsrutai.lt\/wp-content\/uploads\/2024\/04\/20170609_180215-1024x576.jpg\" alt=\"\" class=\"wp-image-1010\" srcset=\"https:\/\/mtbmarsrutai.lt\/wp-content\/uploads\/2024\/04\/20170609_180215-1024x576.jpg 1024w, https:\/\/mtbmarsrutai.lt\/wp-content\/uploads\/2024\/04\/20170609_180215-300x169.jpg 300w, https:\/\/mtbmarsrutai.lt\/wp-content\/uploads\/2024\/04\/20170609_180215-768x432.jpg 768w, https:\/\/mtbmarsrutai.lt\/wp-content\/uploads\/2024\/04\/20170609_180215-1536x864.jpg 1536w, https:\/\/mtbmarsrutai.lt\/wp-content\/uploads\/2024\/04\/20170609_180215.jpg 1563w\" sizes=\"(max-width: 1024px) 100vw, 1024px\" \/><\/figure>\n\n\n\n<figure class=\"wp-block-image size-large\"><img decoding=\"async\" loading=\"lazy\" width=\"1024\" height=\"576\" data-id=\"956\"  src=\"https:\/\/mtbmarsrutai.lt\/wp-content\/uploads\/2024\/04\/DSC5414-1024x576.jpg\" alt=\"\" class=\"wp-image-956\" srcset=\"https:\/\/mtbmarsrutai.lt\/wp-content\/uploads\/2024\/04\/DSC5414-1024x576.jpg 1024w, https:\/\/mtbmarsrutai.lt\/wp-content\/uploads\/2024\/04\/DSC5414-300x169.jpg 300w, https:\/\/mtbmarsrutai.lt\/wp-content\/uploads\/2024\/04\/DSC5414-768x432.jpg 768w, https:\/\/mtbmarsrutai.lt\/wp-content\/uploads\/2024\/04\/DSC5414.jpg 1079w\" sizes=\"(max-width: 1024px) 100vw, 1024px\" \/><\/figure>\n<\/figure>\n\n\n\n<p><\/p>\n\n\n\n<h2 class=\"wp-block-heading has-text-color\" style=\"color:#67320c\">5-a diena.  Poilsio diena Trigrade<\/h2>\n\n\n\n<p>\u0160iandien &nbsp; &nbsp;poilsio diena Trigrade. &nbsp;&nbsp;Gal\u0117site pasivaik\u0161\u010dioti po &nbsp; kalnuotas apylinkes aplankyti garsi\u0105j\u0105 Velnio gerkl\u0117s ol\u0105. &nbsp;Taip pat aplinkui yra smagi\u0173 keliuk\u0173 ir takeli\u0173 dviratininkams.<\/p>\n\n\n\n<figure class=\"wp-block-gallery has-nested-images columns-default is-cropped wp-block-gallery-13 is-layout-flex\">\n<figure class=\"wp-block-image size-large\"><img decoding=\"async\" loading=\"lazy\" width=\"1010\" height=\"568\" data-id=\"974\"  src=\"https:\/\/mtbmarsrutai.lt\/wp-content\/uploads\/2024\/04\/DSC5568.jpg\" alt=\"\" class=\"wp-image-974\" srcset=\"https:\/\/mtbmarsrutai.lt\/wp-content\/uploads\/2024\/04\/DSC5568.jpg 1010w, https:\/\/mtbmarsrutai.lt\/wp-content\/uploads\/2024\/04\/DSC5568-300x169.jpg 300w, https:\/\/mtbmarsrutai.lt\/wp-content\/uploads\/2024\/04\/DSC5568-768x432.jpg 768w\" sizes=\"(max-width: 1010px) 100vw, 1010px\" \/><\/figure>\n\n\n\n<figure class=\"wp-block-image size-large\"><img decoding=\"async\" loading=\"lazy\" width=\"1010\" height=\"568\" data-id=\"973\"  src=\"https:\/\/mtbmarsrutai.lt\/wp-content\/uploads\/2024\/04\/DSC5565.jpg\" alt=\"\" class=\"wp-image-973\" srcset=\"https:\/\/mtbmarsrutai.lt\/wp-content\/uploads\/2024\/04\/DSC5565.jpg 1010w, https:\/\/mtbmarsrutai.lt\/wp-content\/uploads\/2024\/04\/DSC5565-300x169.jpg 300w, https:\/\/mtbmarsrutai.lt\/wp-content\/uploads\/2024\/04\/DSC5565-768x432.jpg 768w\" sizes=\"(max-width: 1010px) 100vw, 1010px\" \/><\/figure>\n\n\n\n<figure class=\"wp-block-image size-large\"><img decoding=\"async\" loading=\"lazy\" width=\"1024\" height=\"577\" data-id=\"1035\"  src=\"https:\/\/mtbmarsrutai.lt\/wp-content\/uploads\/2024\/04\/DSC5578-1024x577.jpg\" alt=\"\" class=\"wp-image-1035\" srcset=\"https:\/\/mtbmarsrutai.lt\/wp-content\/uploads\/2024\/04\/DSC5578-1024x577.jpg 1024w, https:\/\/mtbmarsrutai.lt\/wp-content\/uploads\/2024\/04\/DSC5578-300x169.jpg 300w, https:\/\/mtbmarsrutai.lt\/wp-content\/uploads\/2024\/04\/DSC5578-768x432.jpg 768w, https:\/\/mtbmarsrutai.lt\/wp-content\/uploads\/2024\/04\/DSC5578-1536x865.jpg 1536w, https:\/\/mtbmarsrutai.lt\/wp-content\/uploads\/2024\/04\/DSC5578.jpg 1561w\" sizes=\"(max-width: 1024px) 100vw, 1024px\" \/><\/figure>\n\n\n\n<figure class=\"wp-block-image size-large\"><img decoding=\"async\" loading=\"lazy\" width=\"1024\" height=\"577\" data-id=\"1034\"  src=\"https:\/\/mtbmarsrutai.lt\/wp-content\/uploads\/2024\/04\/DSC5602-1-1024x577.jpg\" alt=\"\" class=\"wp-image-1034\" srcset=\"https:\/\/mtbmarsrutai.lt\/wp-content\/uploads\/2024\/04\/DSC5602-1-1024x577.jpg 1024w, https:\/\/mtbmarsrutai.lt\/wp-content\/uploads\/2024\/04\/DSC5602-1-300x169.jpg 300w, https:\/\/mtbmarsrutai.lt\/wp-content\/uploads\/2024\/04\/DSC5602-1-768x432.jpg 768w, https:\/\/mtbmarsrutai.lt\/wp-content\/uploads\/2024\/04\/DSC5602-1-1536x865.jpg 1536w, https:\/\/mtbmarsrutai.lt\/wp-content\/uploads\/2024\/04\/DSC5602-1.jpg 1561w\" sizes=\"(max-width: 1024px) 100vw, 1024px\" \/><\/figure>\n<\/figure>\n\n\n\n<p><\/p>\n\n\n\n<h2 class=\"wp-block-heading has-text-color\" style=\"color:#67320c\">6-a diena. Trigradas-Mugla-\u0160yroka Lyka<\/h2>\n\n\n\n<p>\u0160i\u0105 dien\u0105, papusry\u010diav\u0119, prad\u0117sime apie 9.00 val. prad\u017eioje tarpekliu pakilsime \u012f \u010cairo e\u017eer\u0173 teritorij\u0105, po to \u012fveik\u0119 per\u0117j\u0105 nusileisime iki Muglos kaimo. Nuo Muglos v\u0117l kilsime \u012f vir\u0161\u0173, po to mi\u0161ko keliais ir takeliais i\u0161va\u017eiuosime \u012f Gelos kaim\u0105 ir&nbsp; lydimi vaizding\u0173 panoram\u0173, apie 18.00 val., nusileisime \u012f&nbsp; mi\u0161kingame sl\u0117nyje \u012fsik\u016brus\u012f gra\u017e\u0173 \u0160iroka Lyka miestel\u012f,\u0161ios dienos nakvyn\u0117s viet\u0105.&nbsp;Apsistosime sve\u010di\u0173 namuose, dvivie\u010diuose kambariuose su patogumais. Ten lauks vakarien\u0117. Viso \u012fveiksime 45 km<\/p>\n\n\n\n<p class=\"has-text-color\" style=\"color:#67320c\">Kilsime: 1,300 m<br>Leisim\u0117s: 1,300 m<br>Techninis sud\u0117tingumas:&nbsp;3\/5<br>Fizinis sud\u0117tingumas:&nbsp;4\/5<\/p>\n\n\n\n<p><\/p>\n\n\n\n<figure class=\"wp-block-gallery has-nested-images columns-default is-cropped wp-block-gallery-15 is-layout-flex\">\n<figure class=\"wp-block-image size-large\"><img decoding=\"async\" loading=\"lazy\" width=\"1024\" height=\"577\" data-id=\"1005\"  src=\"https:\/\/mtbmarsrutai.lt\/wp-content\/uploads\/2024\/04\/DSC5895-2-1024x577.jpg\" alt=\"\" class=\"wp-image-1005\" srcset=\"https:\/\/mtbmarsrutai.lt\/wp-content\/uploads\/2024\/04\/DSC5895-2-1024x577.jpg 1024w, https:\/\/mtbmarsrutai.lt\/wp-content\/uploads\/2024\/04\/DSC5895-2-300x169.jpg 300w, https:\/\/mtbmarsrutai.lt\/wp-content\/uploads\/2024\/04\/DSC5895-2-768x432.jpg 768w, https:\/\/mtbmarsrutai.lt\/wp-content\/uploads\/2024\/04\/DSC5895-2-1536x865.jpg 1536w, https:\/\/mtbmarsrutai.lt\/wp-content\/uploads\/2024\/04\/DSC5895-2.jpg 1561w\" sizes=\"(max-width: 1024px) 100vw, 1024px\" \/><\/figure>\n\n\n\n<figure class=\"wp-block-image size-large\"><img decoding=\"async\" loading=\"lazy\" width=\"1024\" height=\"577\" data-id=\"1002\"  src=\"https:\/\/mtbmarsrutai.lt\/wp-content\/uploads\/2024\/04\/DSC5997-1024x577.jpg\" alt=\"\" class=\"wp-image-1002\" srcset=\"https:\/\/mtbmarsrutai.lt\/wp-content\/uploads\/2024\/04\/DSC5997-1024x577.jpg 1024w, https:\/\/mtbmarsrutai.lt\/wp-content\/uploads\/2024\/04\/DSC5997-300x169.jpg 300w, https:\/\/mtbmarsrutai.lt\/wp-content\/uploads\/2024\/04\/DSC5997-768x432.jpg 768w, https:\/\/mtbmarsrutai.lt\/wp-content\/uploads\/2024\/04\/DSC5997-1536x865.jpg 1536w, https:\/\/mtbmarsrutai.lt\/wp-content\/uploads\/2024\/04\/DSC5997.jpg 1561w\" sizes=\"(max-width: 1024px) 100vw, 1024px\" \/><\/figure>\n\n\n\n<figure class=\"wp-block-image size-large\"><img decoding=\"async\" loading=\"lazy\" width=\"1024\" height=\"577\" data-id=\"1001\"  src=\"https:\/\/mtbmarsrutai.lt\/wp-content\/uploads\/2024\/04\/DSC6053-1024x577.jpg\" alt=\"\" class=\"wp-image-1001\" srcset=\"https:\/\/mtbmarsrutai.lt\/wp-content\/uploads\/2024\/04\/DSC6053-1024x577.jpg 1024w, https:\/\/mtbmarsrutai.lt\/wp-content\/uploads\/2024\/04\/DSC6053-300x169.jpg 300w, https:\/\/mtbmarsrutai.lt\/wp-content\/uploads\/2024\/04\/DSC6053-768x432.jpg 768w, https:\/\/mtbmarsrutai.lt\/wp-content\/uploads\/2024\/04\/DSC6053-1536x865.jpg 1536w, https:\/\/mtbmarsrutai.lt\/wp-content\/uploads\/2024\/04\/DSC6053.jpg 1561w\" sizes=\"(max-width: 1024px) 100vw, 1024px\" \/><\/figure>\n\n\n\n<figure class=\"wp-block-image size-large\"><img decoding=\"async\" loading=\"lazy\" width=\"1024\" height=\"577\" data-id=\"1003\"  src=\"https:\/\/mtbmarsrutai.lt\/wp-content\/uploads\/2024\/04\/DSC5965-1-1024x577.jpg\" alt=\"\" class=\"wp-image-1003\" srcset=\"https:\/\/mtbmarsrutai.lt\/wp-content\/uploads\/2024\/04\/DSC5965-1-1024x577.jpg 1024w, https:\/\/mtbmarsrutai.lt\/wp-content\/uploads\/2024\/04\/DSC5965-1-300x169.jpg 300w, https:\/\/mtbmarsrutai.lt\/wp-content\/uploads\/2024\/04\/DSC5965-1-768x432.jpg 768w, https:\/\/mtbmarsrutai.lt\/wp-content\/uploads\/2024\/04\/DSC5965-1-1536x865.jpg 1536w, https:\/\/mtbmarsrutai.lt\/wp-content\/uploads\/2024\/04\/DSC5965-1.jpg 1561w\" sizes=\"(max-width: 1024px) 100vw, 1024px\" \/><\/figure>\n<\/figure>\n\n\n\n<p><\/p>\n\n\n\n<h2 class=\"wp-block-heading has-text-color\" style=\"color:#67320c\">7-diena. \u0160yroka Lyka-Orechovas<\/h2>\n\n\n\n<p>Papusry\u010diav\u0119,apie 9 val. t\u0119sime kelion\u0119. Rodop\u0173 mi\u0161ko keliukais ir takeliais kilsime iki \u010cudnite Mostove gamtos fenomeno. Po to toliau va\u017eiuosime vaizdingomis&nbsp;vietov\u0117mis nusileisime iki&nbsp;Orechovo kaimo.&nbsp; Orechov\u0105 pasieksime apie 16.00 val. &nbsp;Apsistosime sve\u010di\u0173 namuose, dvivie\u010diuose kambariuose su patogumais. Ten vakarien\u0117. Viso \u012fveiksime 43 km.<\/p>\n\n\n\n<p class=\"has-text-color\" style=\"color:#67320c\">Kilsime 1,100 m<br>Leisim\u0117s&nbsp;1,200 m<br>Techninis sud\u0117tingumas:&nbsp;2\/5<br>Fizinis sud\u0117tingumas:&nbsp;4\/5<\/p>\n\n\n\n<p><\/p>\n\n\n\n<figure class=\"wp-block-gallery has-nested-images columns-default is-cropped wp-block-gallery-17 is-layout-flex\">\n<figure class=\"wp-block-image size-large\"><img decoding=\"async\" loading=\"lazy\" width=\"1024\" height=\"769\" data-id=\"1038\"  src=\"https:\/\/mtbmarsrutai.lt\/wp-content\/uploads\/2024\/04\/IMG_20210815_122946-1024x769.jpg\" alt=\"\" class=\"wp-image-1038\" srcset=\"https:\/\/mtbmarsrutai.lt\/wp-content\/uploads\/2024\/04\/IMG_20210815_122946-1024x769.jpg 1024w, https:\/\/mtbmarsrutai.lt\/wp-content\/uploads\/2024\/04\/IMG_20210815_122946-300x225.jpg 300w, https:\/\/mtbmarsrutai.lt\/wp-content\/uploads\/2024\/04\/IMG_20210815_122946-768x576.jpg 768w, https:\/\/mtbmarsrutai.lt\/wp-content\/uploads\/2024\/04\/IMG_20210815_122946.jpg 1171w\" sizes=\"(max-width: 1024px) 100vw, 1024px\" \/><\/figure>\n\n\n\n<figure class=\"wp-block-image size-large\"><img decoding=\"async\" loading=\"lazy\" width=\"1024\" height=\"577\" data-id=\"998\"  src=\"https:\/\/mtbmarsrutai.lt\/wp-content\/uploads\/2024\/04\/DSC6082-1024x577.jpg\" alt=\"\" class=\"wp-image-998\" srcset=\"https:\/\/mtbmarsrutai.lt\/wp-content\/uploads\/2024\/04\/DSC6082-1024x577.jpg 1024w, https:\/\/mtbmarsrutai.lt\/wp-content\/uploads\/2024\/04\/DSC6082-300x169.jpg 300w, https:\/\/mtbmarsrutai.lt\/wp-content\/uploads\/2024\/04\/DSC6082-768x432.jpg 768w, https:\/\/mtbmarsrutai.lt\/wp-content\/uploads\/2024\/04\/DSC6082-1536x865.jpg 1536w, https:\/\/mtbmarsrutai.lt\/wp-content\/uploads\/2024\/04\/DSC6082.jpg 1561w\" sizes=\"(max-width: 1024px) 100vw, 1024px\" \/><\/figure>\n\n\n\n<figure class=\"wp-block-image size-large\"><img decoding=\"async\" loading=\"lazy\" width=\"1024\" height=\"769\" data-id=\"1039\"  src=\"https:\/\/mtbmarsrutai.lt\/wp-content\/uploads\/2024\/04\/IMG_20210814_164503-1024x769.jpg\" alt=\"\" class=\"wp-image-1039\" srcset=\"https:\/\/mtbmarsrutai.lt\/wp-content\/uploads\/2024\/04\/IMG_20210814_164503-1024x769.jpg 1024w, https:\/\/mtbmarsrutai.lt\/wp-content\/uploads\/2024\/04\/IMG_20210814_164503-300x225.jpg 300w, https:\/\/mtbmarsrutai.lt\/wp-content\/uploads\/2024\/04\/IMG_20210814_164503-768x576.jpg 768w, https:\/\/mtbmarsrutai.lt\/wp-content\/uploads\/2024\/04\/IMG_20210814_164503.jpg 1171w\" sizes=\"(max-width: 1024px) 100vw, 1024px\" \/><\/figure>\n\n\n\n<figure class=\"wp-block-image size-large\"><img decoding=\"async\" loading=\"lazy\" width=\"1024\" height=\"769\" data-id=\"1037\"  src=\"https:\/\/mtbmarsrutai.lt\/wp-content\/uploads\/2024\/04\/IMG_20210814_163801-1024x769.jpg\" alt=\"\" class=\"wp-image-1037\" srcset=\"https:\/\/mtbmarsrutai.lt\/wp-content\/uploads\/2024\/04\/IMG_20210814_163801-1024x769.jpg 1024w, https:\/\/mtbmarsrutai.lt\/wp-content\/uploads\/2024\/04\/IMG_20210814_163801-300x225.jpg 300w, https:\/\/mtbmarsrutai.lt\/wp-content\/uploads\/2024\/04\/IMG_20210814_163801-768x576.jpg 768w, https:\/\/mtbmarsrutai.lt\/wp-content\/uploads\/2024\/04\/IMG_20210814_163801.jpg 1171w\" sizes=\"(max-width: 1024px) 100vw, 1024px\" \/><\/figure>\n<\/figure>\n\n\n\n<p><\/p>\n\n\n\n<h2 class=\"wp-block-heading has-text-color\" style=\"color:#67320c\">8-ta diena. Orechovas-Sofija<\/h2>\n\n\n\n<p>Apie 9 val&nbsp; papusry\u010diausime ir&nbsp; transportu vyksime iki&nbsp;Sofijos oro uosto.<\/p>\n\n\n\n<p><\/p>\n\n\n\n<h2 class=\"wp-block-heading has-text-color\" style=\"color:#67320c\">Viso kelion\u0117s metu \u012fveiksime:<\/h2>\n\n\n\n<p class=\"has-text-color has-medium-font-size\" style=\"color:#67320c\">243 km<br>Kilsime 5482 m<br>Leisim\u0117s 6447 m<\/p>\n\n\n\n<p><\/p>\n\n\n\n<h2 class=\"wp-block-heading has-text-color\" style=\"color:#67320c\">\u012e kain\u0105 \u012fskai\u010diuota:<\/h2>\n\n\n<ul style=\"text-decoration: none;\">\n<li>Nuvykimas mikroautobusu i\u0161 Sofijos oro uosto \u012f Belmeken\u0105<\/li>\n<li>Nuvykimas mikroautobusu i\u0161 Orechovo \u012f Sofijos oro uost\u0105<\/li>\n<li>Maitinimas -1 d. vakarien\u0117, 2 ,3,4,5, 6,7 d pusry\u010diai \u2013vakarien\u0117, 8 d. pusry\u010diai<\/li>\n<li>Nakvyn\u0117 vie\u0161bu\u010diuose, sve\u010di\u0173 namuose, poilsio nameliuose -7 naktys<\/li>\n<li>Lydintis transportas ir baga\u017eo gabenimas<\/li>\n<li>Gido paslaugos<\/li>\n<li>Smulkus dvira\u010dio remontas<\/li>\n<\/ul>\n\n\n<h2 class=\"wp-block-heading has-text-color\" style=\"color:#67320c\">Privaloma ekipiruot\u0117:<\/h2>\n\n\n<ul>\n<li>Kaln\u0173 dviratis, techni\u0161kai tvarkingas<\/li>\n<li>Kelion\u0117s draudimas<\/li>\n<li>Dviratininko \u0161almas<\/li>\n<li>Dviratininko pir\u0161tin\u0117s<\/li>\n<li>Vaistin\u0117l\u0117<\/li>\n<li>Nedidel\u0117 patogi kuprin\u0117 iki 30 l talpos, geriausiai su nugaros ventiliacijos sistema, su skraiste nuo lietaus<\/li>\n<li>Rekomenduojami gamintojai: Deuter, Osprey<\/li>\n<li>Gertuv\u0117 arba hidropakas<\/li>\n<li>Priekinis ir galinis dvira\u010dio \u017eibintai<\/li>\n<li>Mob. telefonas (ekstremaliom situacijom i\u0161kviesti pagalb\u0105)<\/li>\n<li>Dvira\u010dio prie\u017ei\u016bros priemon\u0117s ir atsargin\u0117s dalys: atsargin\u0117 kamera, guminiai lopai ir klijai, tepalas grandinei, grandin\u0117s valymo priemon\u0117s, visraktis<\/li>\n<li>Rekomenduojama ekipiruot\u0117<\/li>\n<li>Dviratininko batai-patog\u016bs ir va\u017eiuoti ir eiti<\/li>\n<li>Lietui ir v\u0117jui nepralaidi striuk\u0117<\/li>\n<li>\u0160iltas d\u017eemperis<\/li>\n<li>Dviratininko mar\u0161kin\u0117liai<\/li>\n<li>Dviratininko \u0161ortai su pamink\u0161tinimu<\/li>\n<li>Keli\u0173 ir alk\u016bni\u0173 apsaugos<\/li>\n<li>Saul\u0117s akiniai<\/li>\n<\/ul>\n\n\n<p><\/p>\n\n\n\n<h2 class=\"wp-block-heading has-text-color\" style=\"color:#67320c\">Dvira\u010dio gabenimas<\/h2>\n\n\n\n<p>Paprastai skrendant l\u0117ktuvu kaln\u0173 dvira\u010dius gabenam\u0117s standartin\u0117se kartonin\u0117se d\u0117\u017e\u0117se dvira\u010diams. Jasnemokamai galite gauti bet kurioje dvira\u010di\u0173 parduotuv\u0117je, kurioje prekiaujama naujais dvira\u010diais. D\u0117\u017e\u0117s i\u0161matavimai atitinka aviakompanij\u0173 standartus, tod\u0117l gabenant dvirat\u012f d\u0117\u017e\u0117je joki\u0173 keblum\u0173 nekyla.<br>Talpinant dvirat\u012f \u012f d\u0117\u017e\u0119 b\u016btina nuimti ratus, i\u0161leisti i\u0161 padang\u0173 or\u0105, nuimti s\u0117dyn\u0119, nusukti pedalus, nusukti vair\u0105. R\u0117m\u0105, kad nesusibrai\u017eyt\u0173 ir nenukent\u0117t\u0173 nuo sm\u016bgi\u0173, galima apvynioti pakavimo pl\u0117vele (su burbuliukais) ar putplas\u010diu. Sud\u0117jus dvirat\u012f d\u0117\u017e\u0117je parastai lieka vietos, tod\u0117l \u012f j\u0105 galima sud\u0117ti ir daugum\u0105<br>likusio baga\u017eo. Atskrid\u0119 d\u0117\u017ees paliksime saugojimui, o i\u0161skrisdami v\u0117l \u012f jas supakuosim.<\/p>\n\n\n\n<p><\/p>\n\n\n\n<p><\/p>\n\n\n\n<div class=\"wp-block-columns is-layout-flex wp-container-22\">\n<div class=\"wp-block-column is-layout-flow\">\n<h2 class=\"wp-block-heading has-text-color\" style=\"color:#621818\">M\u016bs\u0173 kontaktai:<\/h2>\n\n\n\n<p>El. pa\u0161tas: <a href=\"mailto:orreklubas@gmail.com\" target=\"_blank\" rel=\"noreferrer noopener\">orreklubas@gmail.com<\/a><\/p>\n\n\n\n<p>Tel. +370 612 64429 Agnius \u010ciurinskas<\/p>\n\n\n\n<p>V<a href=\"https:\/\/www.facebook.com\/ORREclub\" data-type=\"URL\" data-id=\"https:\/\/www.facebook.com\/ORREclub\">\u0161\u012f&#8221;ORRE&#8221;<\/a><\/p>\n<\/div>\n\n\n\n<div class=\"wp-block-column is-layout-flow\">\n<figure class=\"wp-block-image size-full\"><img decoding=\"async\" loading=\"lazy\" width=\"960\" height=\"720\" src=\"https:\/\/mtbmarsrutai.lt\/wp-content\/uploads\/2024\/04\/104675493_10220259531052716_8753987215955057680_n-2.jpg\" alt=\"\" class=\"wp-image-1065\" srcset=\"https:\/\/mtbmarsrutai.lt\/wp-content\/uploads\/2024\/04\/104675493_10220259531052716_8753987215955057680_n-2.jpg 960w, https:\/\/mtbmarsrutai.lt\/wp-content\/uploads\/2024\/04\/104675493_10220259531052716_8753987215955057680_n-2-300x225.jpg 300w, https:\/\/mtbmarsrutai.lt\/wp-content\/uploads\/2024\/04\/104675493_10220259531052716_8753987215955057680_n-2-768x576.jpg 768w\" sizes=\"(max-width: 960px) 100vw, 960px\" \/><\/figure>\n<\/div>\n\n\n\n<div class=\"wp-block-column is-layout-flow\">\n<p><em>\u0160iek tiek apie save:<\/em><\/p>\n\n\n\n<p><em>eil\u0119 met\u0173 gyvenau Bulgarijoje, i\u0161mokau kalb\u0105, pam\u0117gau Balkan\u0173 kult\u016br\u0105, tradicijas ir gamt\u0105, daugyb\u0119 kilometr\u0173 prasaukau aplinkiniuose kalnuose, tod\u0117 noriu pasidalinti tuo k\u0105 pama\u010diau ir su kitais, tikiu abejing\u0173 neliks:)<\/em><\/p>\n<\/div>\n<\/div>\n","protected":false},"excerpt":{"rendered":"<p>Visiems kelioni\u0173 kaln\u0173 dvira\u010diais m\u0117g\u0117jams si\u016blome 8 dien\u0173 nuotyk\u012f, \u017eyg\u012f po Rilos ir Rodop\u0173 kalnus Bulgarijoje. \u017dygis startuoja auk\u0161tai kalnuose esan\u010dioje Belmekeno sporto baz\u0117je. Kelion\u0117s metu \u012fveiksime 240 km, prava\u017eiuosime \u012fsp\u016bdingiausiomis kaln\u0173 vietov\u0117mis, aplankysime gamtos fenomenus, susipa\u017einsime su sveting\u0173 kalnie\u010di\u0173 kult\u016bra ir ai\u0161ku m\u0117gausimes smagiais kaln\u0173 keliukais ir takeliais, supan\u010dia mus gamta ir tyru oru. &hellip;<\/p>\n<p class=\"read-more\"> <a class=\"\" href=\"https:\/\/mtbmarsrutai.lt\/?p=986\"> <span class=\"screen-reader-text\">MTB stovykla Bulgarijoje Rilos ir Rodop\u0173 kalnuose<\/span> Skaityti daugiau &raquo;<\/a><\/p>\n","protected":false},"author":1,"featured_media":977,"comment_status":"open","ping_status":"open","sticky":false,"template":"","format":"standard","meta":{"_uag_custom_page_level_css":"","_monsterinsights_skip_tracking":false,"_monsterinsights_sitenote_active":false,"_monsterinsights_sitenote_note":"","_monsterinsights_sitenote_category":0,"site-sidebar-layout":"default","site-content-layout":"default","ast-global-header-display":"","ast-main-header-display":"","ast-hfb-above-header-display":"","ast-hfb-below-header-display":"","ast-hfb-mobile-header-display":"","site-post-title":"disabled","ast-breadcrumbs-content":"","ast-featured-img":"","footer-sml-layout":"","theme-transparent-header-meta":"","adv-header-id-meta":"","stick-header-meta":"","header-above-stick-meta":"","header-main-stick-meta":"","header-below-stick-meta":""},"categories":[8],"tags":[],"uagb_featured_image_src":{"full":["https:\/\/mtbmarsrutai.lt\/wp-content\/uploads\/2024\/04\/30261747_2022530441095035_7010303735733682176_n.jpg",960,540,false],"thumbnail":["https:\/\/mtbmarsrutai.lt\/wp-content\/uploads\/2024\/04\/30261747_2022530441095035_7010303735733682176_n-150x150.jpg",150,150,true],"medium":["https:\/\/mtbmarsrutai.lt\/wp-content\/uploads\/2024\/04\/30261747_2022530441095035_7010303735733682176_n-300x169.jpg",300,169,true],"medium_large":["https:\/\/mtbmarsrutai.lt\/wp-content\/uploads\/2024\/04\/30261747_2022530441095035_7010303735733682176_n-768x432.jpg",768,432,true],"large":["https:\/\/mtbmarsrutai.lt\/wp-content\/uploads\/2024\/04\/30261747_2022530441095035_7010303735733682176_n.jpg",960,540,false],"1536x1536":["https:\/\/mtbmarsrutai.lt\/wp-content\/uploads\/2024\/04\/30261747_2022530441095035_7010303735733682176_n.jpg",960,540,false],"2048x2048":["https:\/\/mtbmarsrutai.lt\/wp-content\/uploads\/2024\/04\/30261747_2022530441095035_7010303735733682176_n.jpg",960,540,false]},"uagb_author_info":{"display_name":"ORRE","author_link":"https:\/\/mtbmarsrutai.lt\/?author=1"},"uagb_comment_info":0,"uagb_excerpt":"Visiems kelioni\u0173 kaln\u0173 dvira\u010diais m\u0117g\u0117jams si\u016blome 8 dien\u0173 nuotyk\u012f, \u017eyg\u012f po Rilos ir Rodop\u0173 kalnus Bulgarijoje. \u017dygis startuoja auk\u0161tai kalnuose esan\u010dioje Belmekeno sporto baz\u0117je. Kelion\u0117s metu \u012fveiksime 240 km, prava\u017eiuosime \u012fsp\u016bdingiausiomis kaln\u0173 vietov\u0117mis, aplankysime gamtos fenomenus, susipa\u017einsime su sveting\u0173 kalnie\u010di\u0173 kult\u016bra ir ai\u0161ku m\u0117gausimes smagiais kaln\u0173 keliukais ir takeliais, supan\u010dia mus gamta ir tyru oru.&hellip;","_links":{"self":[{"href":"https:\/\/mtbmarsrutai.lt\/index.php?rest_route=\/wp\/v2\/posts\/986"}],"collection":[{"href":"https:\/\/mtbmarsrutai.lt\/index.php?rest_route=\/wp\/v2\/posts"}],"about":[{"href":"https:\/\/mtbmarsrutai.lt\/index.php?rest_route=\/wp\/v2\/types\/post"}],"author":[{"embeddable":true,"href":"https:\/\/mtbmarsrutai.lt\/index.php?rest_route=\/wp\/v2\/users\/1"}],"replies":[{"embeddable":true,"href":"https:\/\/mtbmarsrutai.lt\/index.php?rest_route=%2Fwp%2Fv2%2Fcomments&post=986"}],"version-history":[{"count":17,"href":"https:\/\/mtbmarsrutai.lt\/index.php?rest_route=\/wp\/v2\/posts\/986\/revisions"}],"predecessor-version":[{"id":1281,"href":"https:\/\/mtbmarsrutai.lt\/index.php?rest_route=\/wp\/v2\/posts\/986\/revisions\/1281"}],"wp:featuredmedia":[{"embeddable":true,"href":"https:\/\/mtbmarsrutai.lt\/index.php?rest_route=\/wp\/v2\/media\/977"}],"wp:attachment":[{"href":"https:\/\/mtbmarsrutai.lt\/index.php?rest_route=%2Fwp%2Fv2%2Fmedia&parent=986"}],"wp:term":[{"taxonomy":"category","embeddable":true,"href":"https:\/\/mtbmarsrutai.lt\/index.php?rest_route=%2Fwp%2Fv2%2Fcategories&post=986"},{"taxonomy":"post_tag","embeddable":true,"href":"https:\/\/mtbmarsrutai.lt\/index.php?rest_route=%2Fwp%2Fv2%2Ftags&post=986"}],"curies":[{"name":"wp","href":"https:\/\/api.w.org\/{rel}","templated":true}]}}